{"id":393138,"date":"2025-09-20T10:52:40","date_gmt":"2025-09-20T08:52:40","guid":{"rendered":"https:\/\/www.vlkolinec.sk\/?p=393138"},"modified":"2025-09-20T15:09:31","modified_gmt":"2025-09-20T13:09:31","slug":"podakovanie-za-urodu","status":"publish","type":"post","link":"https:\/\/www.vlkolinec.sk\/en\/podakovanie-za-urodu\/","title":{"rendered":"Po\u010fakovanie za \u00farodu"},"content":{"rendered":"<p><strong>Kult\u00farny dom A. Hlinku v\u00e1s poz\u00fdva na podujatie Po\u010fakovanie za \u00farodu.<\/strong><\/p>\n<p><strong>Miesto konania:<\/strong>\u00a0Vlkol\u00ednec<\/p>\n<p>Z\u00e1ver letnej sez\u00f3ny osl\u00e1vime v\u010fa\u010dnos\u0165ou a pohostinnos\u0165ou.<br \/>\n<strong>Program:<br \/>\n<\/strong>09:00 <strong>Posv\u00e4tenie \u00farody<\/strong> v kostole Nav\u0161t\u00edvenia Panny M\u00e1rie vo Vlkol\u00ednci<br \/>\n10:00 <strong>Otvorenie novej expoz\u00edcie S\u00fdpka<\/strong> spojen\u00e9 s ulo\u017een\u00edm novej \u00farody (oproti Ro\u013en\u00edckemu domu)<br \/>\n10:30 <strong>V\u00fdstava vypestovan\u00e9ho ovocia a zeleniny<\/strong> (pri Dome UNESCO)<br \/>\n12:00 <strong>Vyhodnotenie v\u00fdstavy a ocenenie vystavovate\u013eov<\/strong><br \/>\n12:30 <strong>Sprievodn\u00fd program a ochutn\u00e1vky tradi\u010dn\u00fdch \u013eudov\u00fdch jed\u00e1l<\/strong> (v \u0160kolskom dvore za Gal\u00e9riou)<br \/>\n<strong>Tvor\u00edme z pr\u00edrodn\u00edn<\/strong> \u2013 tvoriv\u00e1 diel\u0148a<br \/>\n<strong>Remeseln\u00edci<\/strong> \u2013 uk\u00e1\u017eky \u013eudov\u00fdch remesiel<br \/>\n<strong>Chlapci spod Ostrieho<\/strong> \u2013 vyst\u00fapenie \u013eudovej hudby<\/p>\n<p>Po\u010das trvania v\u00fdstavy bude prebieha\u0165 poradenstvo pre z\u00e1hradk\u00e1rov a obyvate\u013eov Vlkol\u00ednca odborn\u00fdmi in\u0161truktormi Okresn\u00e9ho v\u00fdboru Slovensk\u00e9ho zv\u00e4zu z\u00e1hradk\u00e1rov v Ru\u017eomberku.<\/p>\n<p>Pestovatelia m\u00f4\u017eu donies\u0165 svoje v\u00fdpestky do predajne Z\u00e1hradk\u00e1ri 1 na ulici Podhora v Ru\u017eomberku, alebo aj priamo na v\u00fdstavu.<\/p>\n<p>Podujatie je s\u00fa\u010das\u0165ou Koopera\u010dn\u00e9ho projektu medzi Oblastn\u00fdmi organiz\u00e1ciami cestovn\u00e9ho ruchu Region Liptov a Rajeck\u00e1 dolina s n\u00e1zvom: \u201eRozvoj destina\u010dnej ponuky obc\u00ed s tradi\u010dnou \u013eudovou architekt\u00farou Vlkol\u00ednec \u2013 \u010ci\u010dmany\u201c.<\/p>\n<p><strong>Viac inform\u00e1ci\u00ed:<\/strong><br \/>\n<a href=\"mailto:weidlichova@kdah.sk\">weidlichova@kdah.sk<\/a><br \/>\n<a href=\"tel:+421905842696\">0905 842 696<\/a><\/p>\n<p><img loading=\"lazy\" decoding=\"async\" class=\"alignnone size-large wp-image-393140\" src=\"https:\/\/www.vlkolinec.sk\/wp-content\/uploads\/2025\/09\/podakovanie-za-urodu-724x1024.jpg\" alt=\"\" width=\"724\" height=\"1024\" \/><\/p>\n","protected":false},"excerpt":{"rendered":"<p>Kult\u00farny dom A. Hlinku v\u00e1s poz\u00fdva na podujatie Po\u010fakovanie za \u00farodu. Miesto konania:\u00a0Vlkol\u00ednec Z\u00e1ver letnej sez\u00f3ny osl\u00e1vime v\u010fa\u010dnos\u0165ou a pohostinnos\u0165ou. Program: 09:00 Posv\u00e4tenie \u00farody v kostole Nav\u0161t\u00edvenia Panny M\u00e1rie vo&hellip;<\/p>\n","protected":false},"author":18,"featured_media":393143,"comment_status":"closed","ping_status":"closed","sticky":false,"template":"","format":"standard","meta":{"_monsterinsights_skip_tracking":false,"_monsterinsights_sitenote_active":false,"_monsterinsights_sitenote_note":"","_monsterinsights_sitenote_category":0,"footnotes":""},"categories":[1],"tags":[],"class_list":["post-393138","post","type-post","status-publish","format-standard","has-post-thumbnail","hentry","category-uncategorized-sk"],"acf":[],"post_mailing_queue_ids":[],"_links":{"self":[{"href":"https:\/\/www.vlkolinec.sk\/en\/wp-json\/wp\/v2\/posts\/393138"}],"collection":[{"href":"https:\/\/www.vlkolinec.sk\/en\/wp-json\/wp\/v2\/posts"}],"about":[{"href":"https:\/\/www.vlkolinec.sk\/en\/wp-json\/wp\/v2\/types\/post"}],"author":[{"embeddable":true,"href":"https:\/\/www.vlkolinec.sk\/en\/wp-json\/wp\/v2\/users\/18"}],"replies":[{"embeddable":true,"href":"https:\/\/www.vlkolinec.sk\/en\/wp-json\/wp\/v2\/comments?post=393138"}],"version-history":[{"count":3,"href":"https:\/\/www.vlkolinec.sk\/en\/wp-json\/wp\/v2\/posts\/393138\/revisions"}],"predecessor-version":[{"id":393148,"href":"https:\/\/www.vlkolinec.sk\/en\/wp-json\/wp\/v2\/posts\/393138\/revisions\/393148"}],"wp:featuredmedia":[{"embeddable":true,"href":"https:\/\/www.vlkolinec.sk\/en\/wp-json\/wp\/v2\/media\/393143"}],"wp:attachment":[{"href":"https:\/\/www.vlkolinec.sk\/en\/wp-json\/wp\/v2\/media?parent=393138"}],"wp:term":[{"taxonomy":"category","embeddable":true,"href":"https:\/\/www.vlkolinec.sk\/en\/wp-json\/wp\/v2\/categories?post=393138"},{"taxonomy":"post_tag","embeddable":true,"href":"https:\/\/www.vlkolinec.sk\/en\/wp-json\/wp\/v2\/tags?post=393138"}],"curies":[{"name":"wp","href":"https:\/\/api.w.org\/{rel}","templated":true}]}}