{"id":393062,"date":"2025-08-20T11:44:47","date_gmt":"2025-08-20T09:44:47","guid":{"rendered":"https:\/\/www.vlkolinec.sk\/?p=393062"},"modified":"2025-08-20T13:52:42","modified_gmt":"2025-08-20T11:52:42","slug":"vlkolinec-v-lete-2025-vyroba-kosikov-a-vencekov-hackovanie-a-vysivanie-zber-zeleniny-cicmiansko-vlkolinska-svadba-zber-a-spracovanie-lanu","status":"publish","type":"post","link":"https:\/\/www.vlkolinec.sk\/en\/vlkolinec-v-lete-2025-vyroba-kosikov-a-vencekov-hackovanie-a-vysivanie-zber-zeleniny-cicmiansko-vlkolinska-svadba-zber-a-spracovanie-lanu\/","title":{"rendered":"Vlkol\u00ednec v lete 2025 &#8211; V\u00fdroba ko\u0161\u00edkov a ven\u010dekov, h\u00e1\u010dkovanie a vy\u0161\u00edvanie, zber zeleniny, \u010ci\u010dmiansko &#8211; vlkol\u00ednska svadba, zber a spracovanie \u013eanu"},"content":{"rendered":"<p><strong>Kult\u00farny dom A. Hlinku v\u00e1s poz\u00fdva na prezent\u00e1ciu \u013eudov\u00fdch remesiel.<br \/>\n<\/strong><strong>D\u00e1tum konania:<\/strong> 23.8. \u2013 24.8.2025<strong><br \/>\n<\/strong><strong>Miesto konania:<\/strong> \u0160kolsk\u00fd dvor vo Vlkol\u00ednci (za Gal\u00e9riou), Vlkol\u00ednska z\u00e1hrada, Stred dediny pri zvonici<br \/>\n<strong>\u010cas konania:<\/strong>\u00a010:00 \u2013 16:45 hod.<\/p>\n<p><strong>V sobotu na V\u00e1s \u010dak\u00e1 nasledovn\u00fd program:<br \/>\n<\/strong><strong>10:00 \u2013 17:00 hod. (\u0160kolsk\u00fd dvor vo Vlkol\u00ednci \u2013 za gal\u00e9riou)<\/strong><br \/>\n\u2013 v\u00fdroba ko\u0161\u00edkov a ven\u010dekov<br \/>\n\u2013 h\u00e1\u010dkovanie<br \/>\n\u2013 vy\u0161\u00edvanie<\/p>\n<p><strong>10:00 \u2013 17:00 hod. (Dom UNESCO Vlkol\u00ednec)<\/strong><br \/>\n\u2013 v\u00fdstava \u0161tudentov \u0160koly umeleck\u00e9ho priemyslu Tren\u010d\u00edn: <strong>\u013dudov\u00fd ornament po na\u0161om<\/strong><\/p>\n<p><strong>10:00 \u2013 12:00 hod. (Vlkol\u00ednska z\u00e1hrada)<\/strong><br \/>\n\u2013 zber zeleniny<\/p>\n<p><strong>13:00 \u2013 14:00 hod.<br \/>\n\u010cI\u010cMIANSKO \u2013 VLKOL\u00cdNSKA SVADBA<br \/>\n<\/strong><strong>Jedine\u010dn\u00e9 folkl\u00f3rne p\u00e1smo pln\u00e9 spevu, tanca a em\u00f3ci\u00ed v podan\u00ed Folkl\u00f3rneho s\u00faboru Liptov.<br \/>\nV hodinovom programe uvid\u00edte:<br \/>\n<\/strong>\u2013 tradi\u010dn\u00fa odobierku &#8211; v strede dediny pri zvonici<br \/>\n\u2013 svadobn\u00fd sprievod &#8211; smerom ku kostolu<br \/>\n\u2013 \u010dep\u010denie nevesty &#8211; v \u0161kolskom dovrore za Gal\u00e9riou (FS Liptov)<\/p>\n<p><strong>V nede\u013eu sa m\u00f4\u017eete, te\u0161i\u0165 na:<br \/>\n<\/strong><strong>uk\u00e1\u017eky v\u00fdroby ko\u0161\u00edkov a ven\u010dekov, h\u00e1\u010dkovania, vy\u0161\u00edvania a v\u00fdtvarn\u00fd plen\u00e9r<\/strong>\u00a0v \u0160kolskom dvore vo Vlkol\u00ednci.<br \/>\nPr\u00eds\u0165 sa m\u00f4\u017eete pozrie\u0165 aj na\u00a0<strong>zber a spracovanie \u013eanu.<\/strong>\u00a0<strong>Bud\u00fa 2 vstupy: od 11:00 a od 14:00 hod.<\/strong>\u00a0(Vlkol\u00ednska z\u00e1hrada a \u0160kolsk\u00fd dvor).<\/p>\n<p><strong>VLKOL\u00cdNEC V LETE 2025 \u2014 LETO PLN\u00c9 TRAD\u00cdCI\u00cd, V\u00d4N\u00cd A Z\u00c1\u017dITKOV<br \/>\n<\/strong>Za\u017eite autentick\u00e9 slovensk\u00e9 leto vo Vlkol\u00ednci.<\/p>\n<p>Od j\u00fala do septembra v\u00e1s poz\u00fdvame na s\u00e9riu podujat\u00ed Vlkol\u00ednec v lete 2025, kde sa remesl\u00e1, folkl\u00f3r a pr\u00edroda stret\u00e1vaj\u00fa v jedine\u010dnej harm\u00f3nii. Ka\u017ed\u00fd v\u00edkend bude venovan\u00fd tradi\u010dn\u00fdm zru\u010dnostiam, po\u013enohospod\u00e1rstvu a kult\u00fare, ktor\u00fa si m\u00f4\u017eete nielen pozrie\u0165, ale aj vysk\u00fa\u0161a\u0165 na vlastnej ko\u017ei.<\/p>\n<p><strong>Presn\u00fd rozpis jednotliv\u00fdch podujat\u00ed na cel\u00e9 leto<\/strong>\u00a0n\u00e1jdete\u00a0<a class=\"link-icon link-icon--external\" href=\"https:\/\/www.vlkolinec.sk\/vlkolinec-v-lete-2025\/\" target=\"_blank\" rel=\"noopener\">TU<\/a>.<br \/>\nViac inform\u00e1ci\u00ed:<br \/>\n<a href=\"mailto:weidlichova@kdah.sk\">weidlichova@kdah.sk<\/a><br \/>\n<a href=\"tel:+421905842696\">0905 842 696<\/a><\/p>\n<p><img loading=\"lazy\" decoding=\"async\" class=\"alignnone size-large wp-image-393074\" src=\"https:\/\/www.vlkolinec.sk\/wp-content\/uploads\/2025\/08\/svadba-2-01-724x1024.png\" alt=\"\" width=\"724\" height=\"1024\" \/><\/p>\n","protected":false},"excerpt":{"rendered":"<p>Kult\u00farny dom A. Hlinku v\u00e1s poz\u00fdva na prezent\u00e1ciu \u013eudov\u00fdch remesiel. D\u00e1tum konania: 23.8. \u2013 24.8.2025 Miesto konania: \u0160kolsk\u00fd dvor vo Vlkol\u00ednci (za Gal\u00e9riou), Vlkol\u00ednska z\u00e1hrada, Stred dediny pri zvonici \u010cas&hellip;<\/p>\n","protected":false},"author":18,"featured_media":393078,"comment_status":"closed","ping_status":"closed","sticky":false,"template":"","format":"standard","meta":{"_monsterinsights_skip_tracking":false,"_monsterinsights_sitenote_active":false,"_monsterinsights_sitenote_note":"","_monsterinsights_sitenote_category":0,"footnotes":""},"categories":[1],"tags":[],"class_list":["post-393062","post","type-post","status-publish","format-standard","has-post-thumbnail","hentry","category-uncategorized-sk"],"acf":[],"post_mailing_queue_ids":[],"_links":{"self":[{"href":"https:\/\/www.vlkolinec.sk\/en\/wp-json\/wp\/v2\/posts\/393062"}],"collection":[{"href":"https:\/\/www.vlkolinec.sk\/en\/wp-json\/wp\/v2\/posts"}],"about":[{"href":"https:\/\/www.vlkolinec.sk\/en\/wp-json\/wp\/v2\/types\/post"}],"author":[{"embeddable":true,"href":"https:\/\/www.vlkolinec.sk\/en\/wp-json\/wp\/v2\/users\/18"}],"replies":[{"embeddable":true,"href":"https:\/\/www.vlkolinec.sk\/en\/wp-json\/wp\/v2\/comments?post=393062"}],"version-history":[{"count":5,"href":"https:\/\/www.vlkolinec.sk\/en\/wp-json\/wp\/v2\/posts\/393062\/revisions"}],"predecessor-version":[{"id":393077,"href":"https:\/\/www.vlkolinec.sk\/en\/wp-json\/wp\/v2\/posts\/393062\/revisions\/393077"}],"wp:featuredmedia":[{"embeddable":true,"href":"https:\/\/www.vlkolinec.sk\/en\/wp-json\/wp\/v2\/media\/393078"}],"wp:attachment":[{"href":"https:\/\/www.vlkolinec.sk\/en\/wp-json\/wp\/v2\/media?parent=393062"}],"wp:term":[{"taxonomy":"category","embeddable":true,"href":"https:\/\/www.vlkolinec.sk\/en\/wp-json\/wp\/v2\/categories?post=393062"},{"taxonomy":"post_tag","embeddable":true,"href":"https:\/\/www.vlkolinec.sk\/en\/wp-json\/wp\/v2\/tags?post=393062"}],"curies":[{"name":"wp","href":"https:\/\/api.w.org\/{rel}","templated":true}]}}