{"id":392131,"date":"2024-07-09T12:49:28","date_gmt":"2024-07-09T10:49:28","guid":{"rendered":"https:\/\/www.vlkolinec.sk\/?p=392131"},"modified":"2024-07-28T09:14:23","modified_gmt":"2024-07-28T07:14:23","slug":"vcelarsky-den-vo-vlkolinci","status":"publish","type":"post","link":"https:\/\/www.vlkolinec.sk\/en\/vcelarsky-den-vo-vlkolinci\/","title":{"rendered":"V\u010cEL\u00c1RSKY DE\u0147 VO VLKOL\u00cdNCI"},"content":{"rendered":"<p><strong>Kult\u00farny dom A. Hlinku v\u00e1s poz\u00fdva na podujatie V\u010del\u00e1rsky de\u0148 vo Vlkol\u00ednci.<\/strong><\/p>\n<p><strong>Miesto konania:<\/strong> \u0160kolsk\u00fd dvor za Gal\u00e9riou vo Vlkol\u00ednci<\/p>\n<p>Na podujat\u00ed sa dozviete ve\u013ea zauj\u00edmavost\u00ed o v\u010del\u00e1ch.<\/p>\n<p><strong>Te\u0161i\u0165 sa m\u00f4\u017eete na:<br \/>\n<\/strong>\u2013 uk\u00e1\u017eka zlo\u017eenia \u00fa\u013ea, v\u010del\u00e1rskeho n\u00e1radia a oble\u010denia v\u010del\u00e1ra<br \/>\n\u2013 tvoriv\u00e9 dielne: v\u00fdroba svie\u010dok z vosku a z medzistienok, v\u00fdroba r\u00e1mikov<br \/>\n\u2013 ochutn\u00e1vka medu<br \/>\n\u2013 uk\u00e1\u017eka procesu pe\u010denia chleba kv\u00e1skovan\u00edm: pr\u00edprava cesta, zalo\u017eenie a udr\u017eiavanie kv\u00e1sku, uk\u00e1\u017eka r\u00f4znych obiln\u00edn a ich mletie, ochutn\u00e1vka chleb\u00edka<br \/>\n\u2013 remeseln\u00edcke st\u00e1nky: pri zvonici a v \u0160kolskom dvore<\/p>\n<p><strong>Viac inform\u00e1ci\u00ed:<\/strong> 0905 842 696, e-mail: weidlichova@kdah.sk<\/p>\n<p><em>Upozornenie: Na podujat\u00ed bud\u00fa vyhotovovan\u00e9 fotografie a videoz\u00e1znamy prev\u00e1dzkovate\u013eom \u201eMesto Ru\u017eomberok, N\u00e1m. A. Hlinku 1098\/1, 034 01 Ru\u017eomberok, I\u010cO 00315737\u201c za \u00fa\u010delom propag\u00e1cie na webovom s\u00eddle prev\u00e1dzkovate\u013ea, facebookovej str\u00e1nke, youtube kan\u00e1li, v periodick\u00fdch a neperiodick\u00fdch materi\u00e1loch prev\u00e1dzkovate\u013ea, pr\u00edpadne v \u010fal\u0161\u00edch m\u00e9di\u00e1ch.<\/em><\/p>\n","protected":false},"excerpt":{"rendered":"<p>Kult\u00farny dom A. Hlinku v\u00e1s poz\u00fdva na podujatie V\u010del\u00e1rsky de\u0148 vo Vlkol\u00ednci. Miesto konania: \u0160kolsk\u00fd dvor za Gal\u00e9riou vo Vlkol\u00ednci Na podujat\u00ed sa dozviete ve\u013ea zauj\u00edmavost\u00ed o v\u010del\u00e1ch. Te\u0161i\u0165 sa&hellip;<\/p>\n","protected":false},"author":16,"featured_media":392133,"comment_status":"closed","ping_status":"open","sticky":false,"template":"","format":"standard","meta":{"_monsterinsights_skip_tracking":false,"_monsterinsights_sitenote_active":false,"_monsterinsights_sitenote_note":"","_monsterinsights_sitenote_category":0,"footnotes":""},"categories":[519],"tags":[],"class_list":["post-392131","post","type-post","status-publish","format-standard","has-post-thumbnail","hentry","category-novinky-a-zaujimavosti"],"acf":[],"post_mailing_queue_ids":[],"_links":{"self":[{"href":"https:\/\/www.vlkolinec.sk\/en\/wp-json\/wp\/v2\/posts\/392131"}],"collection":[{"href":"https:\/\/www.vlkolinec.sk\/en\/wp-json\/wp\/v2\/posts"}],"about":[{"href":"https:\/\/www.vlkolinec.sk\/en\/wp-json\/wp\/v2\/types\/post"}],"author":[{"embeddable":true,"href":"https:\/\/www.vlkolinec.sk\/en\/wp-json\/wp\/v2\/users\/16"}],"replies":[{"embeddable":true,"href":"https:\/\/www.vlkolinec.sk\/en\/wp-json\/wp\/v2\/comments?post=392131"}],"version-history":[{"count":1,"href":"https:\/\/www.vlkolinec.sk\/en\/wp-json\/wp\/v2\/posts\/392131\/revisions"}],"predecessor-version":[{"id":392134,"href":"https:\/\/www.vlkolinec.sk\/en\/wp-json\/wp\/v2\/posts\/392131\/revisions\/392134"}],"wp:featuredmedia":[{"embeddable":true,"href":"https:\/\/www.vlkolinec.sk\/en\/wp-json\/wp\/v2\/media\/392133"}],"wp:attachment":[{"href":"https:\/\/www.vlkolinec.sk\/en\/wp-json\/wp\/v2\/media?parent=392131"}],"wp:term":[{"taxonomy":"category","embeddable":true,"href":"https:\/\/www.vlkolinec.sk\/en\/wp-json\/wp\/v2\/categories?post=392131"},{"taxonomy":"post_tag","embeddable":true,"href":"https:\/\/www.vlkolinec.sk\/en\/wp-json\/wp\/v2\/tags?post=392131"}],"curies":[{"name":"wp","href":"https:\/\/api.w.org\/{rel}","templated":true}]}}