{"id":392125,"date":"2024-07-09T12:43:18","date_gmt":"2024-07-09T10:43:18","guid":{"rendered":"https:\/\/www.vlkolinec.sk\/?p=392125"},"modified":"2024-07-28T09:14:28","modified_gmt":"2024-07-28T07:14:28","slug":"remeslo-ma-zlate-dno","status":"publish","type":"post","link":"https:\/\/www.vlkolinec.sk\/en\/remeslo-ma-zlate-dno\/","title":{"rendered":"REMESLO M\u00c1 ZLAT\u00c9 DNO"},"content":{"rendered":"<p><strong>Kult\u00farny dom A. Hlinku v\u00e1s poz\u00fdva na podujatie Remeslo m\u00e1 zlat\u00e9 dno: uk\u00e1\u017eky tradi\u010dn\u00fdch slovensk\u00fdch \u013eudov\u00fdch remesiel.<\/strong><\/p>\n<p><strong>Miesto konania:<\/strong> Humno pri Ro\u013en\u00edckom dome vo Vlkol\u00ednci<\/p>\n<p><strong>Viac inform\u00e1ci\u00ed:<\/strong> 0905 842 696, e-mail: weidlichova@kdah.sk<\/p>\n<p><em>Upozornenie: Na podujat\u00ed \u201eRemeslo m\u00e1 zlat\u00e9 dno\u201c bud\u00fa vyhotovovan\u00e9 fotografie a videoz\u00e1znamy prev\u00e1dzkovate\u013eom \u201eMesto Ru\u017eomberok, N\u00e1m. A. Hlinku 1098\/1, 034 01 Ru\u017eomberok, I\u010cO 00315737\u201c za \u00fa\u010delom propag\u00e1cie na webovom s\u00eddle prev\u00e1dzkovate\u013ea, facebookovej str\u00e1nke, youtube kan\u00e1li, v periodick\u00fdch a neperiodick\u00fdch materi\u00e1loch prev\u00e1dzkovate\u013ea, pr\u00edpadne v \u010fal\u0161\u00edch m\u00e9di\u00e1ch.<\/em><\/p>\n<h1>Hrn\u010diarstvo<\/h1>\n<p style=\"font-weight: 400;\">Majster hrn\u010diarskeho umenia Kamil \u0160lap\u00e1k sa keramike a hrn\u010diarstvu venuje vy\u0161e 20 rokov. Za\u010d\u00ednal v malej dielni, kde sa nau\u010dil z\u00e1klady modelovania, glaz\u00farovania a \u010diasto\u010dne aj to\u010denie na hrn\u010diarskom kruhu. \u010casom ho t\u00e1to pr\u00e1ca prestala nap\u013a\u0148a\u0165 z d\u00f4vodu nenaplnenia svojej realiz\u00e1cie, rozhodol sa \u00eds\u0165 vlastnou cestou, kde si mohol uskuto\u010dni\u0165 svoje n\u00e1pady. Asi p\u00e4\u0165 rokov je u\u017e sebesta\u010dn\u00fd a pracuje ako slobodn\u00fd umelec. Jeho pr\u00e1ca spo\u010d\u00edva v to\u010den\u00ed na hrn\u010diarskom kruhu, modelovan\u00ed, ma\u013eovan\u00ed, glaz\u00farovan\u00ed a vypa\u013eovan\u00ed v elektrickej peci. Vyr\u00e1ba \u0161\u00e1lky, hrn\u010deky, kr\u00edgle, r\u00f4zne postavi\u010dky a sochy, dobov\u00e9, tradi\u010dn\u00e9 aj netradi\u010dn\u00e9 n\u00e1doby a tvary.<\/p>\n<p style=\"font-weight: 400;\">Najnov\u0161ie K. \u0160lap\u00e1k experimentuje s technikou RAKU, ktor\u00e1 sa k n\u00e1m dostala v 16. storo\u010d\u00ed a jej korene s\u00fa v Japonsku. Je presved\u010den\u00fd, \u017ee v pr\u00e1ci s hlinou je obrovsk\u00fd priestor na sebarealiz\u00e1ciu, \u010di u\u017e za pomoci tradi\u010dn\u00fdch postupov alebo vlastn\u00fdch n\u00e1padov. Najviac ho na jeho pr\u00e1ci bav\u00ed, \u017ee v\u010faka pr\u00edrodn\u00fdm materi\u00e1lom: hline, vode, glaz\u00fare je v neust\u00e1lom spojen\u00ed s pr\u00edrodou.<\/p>\n<p style=\"font-weight: 400;\">Hrn\u010diarstvo bolo na \u00fazem\u00ed Slovenska jedn\u00fdm z najroz\u0161\u00edrenej\u0161\u00edch remesiel od obdobia stredoveku zhruba do polovice 20. storo\u010dia. V\u00e4\u010d\u0161ina v\u00fdrobkov mala \u0161pecifick\u00e9 krajov\u00e9 a lok\u00e1lne znaky v tvare v\u00fdrobkov alebo ich dek\u00f3re. Utvoril sa tak napr. okruh bardejovsk\u00fd, gemersk\u00fd, liptovsk\u00fd, oravsk\u00fd, pozdi\u0161ovsk\u00fd, pukansk\u00fd. \u00dapadok hrn\u010diarstva s\u00favisel s rozvojom mechanizovanej v\u00fdroby keramiky a s roz\u0161\u00edren\u00edm lacnej\u0161ieho a trv\u00e1cnej\u0161ieho tov\u00e1rensk\u00e9ho riadu (plechov\u00fd a smaltovan\u00fd riad, kamenina a pod.). V\u00fdvoj remesla negat\u00edvne ovplyvnili aj hospod\u00e1rske kr\u00edzy a svetov\u00e9 vojny. Najv\u00fdznamnej\u0161ou a jedinou svojho druhu a \u00farovne bola od roku 1883 keramick\u00e1 diel\u0148a v Modre, ktor\u00e1 pretrvala do ned\u00e1vnych dn\u00ed ako Slovensk\u00e1 \u013eudov\u00e1 majolika.<\/p>\n<p style=\"font-weight: 400;\">Cie\u013eom prezent\u00e1cie remesiel vo Vlkol\u00ednci je predstavi\u0165 tradi\u010dn\u00e9 techniky, ktor\u00e9 na \u00fazem\u00ed doln\u00e9ho Liptova mali dlhoro\u010dn\u00fa trad\u00edciu.<\/p>\n<p>&nbsp;<\/p>\n<h1 style=\"font-weight: 400;\"><strong>V\u00fdroba z ko\u017ee<\/strong><\/h1>\n<p style=\"font-weight: 400;\">J\u00e1novi K\u00fakolovi u\u010darovala v\u00fdroba z ko\u017ee pribli\u017ene pred dvomi rokmi. Na za\u010diatku st\u00e1la my\u0161lienka vyrobi\u0165 ko\u017een\u00fd opasok ako spomienku na star\u00e9ho otca. Odvtedy je v\u00fdroba ko\u017een\u00fdch, preva\u017ene \u013eudov\u00fdch, predmetov jeho ka\u017edodennou s\u00fa\u010das\u0165ou.<\/p>\n<p style=\"font-weight: 400;\">\u201eS v\u00fdrobou \u013eudov\u00fdch predmetov z ko\u017ee som za\u010dal v janu\u00e1ri v roku 2013. Do ruky sa mi dostala kni\u017eka Opasky, kapsy a sp\u00ednadl\u00e1. V nej som sa do\u010d\u00edtal o opasku, ktor\u00fd vyrobili pre m\u00f4jho star\u00e9ho otca. P\u00f4vodn\u00fd opasok som na\u0161iel v Etnografickom m\u00fazeu v Martine. Tam sa mi dostal do r\u00fak aj klob\u00fak s pastierskou kapsou, ktor\u00e9 predt\u00fdm patrili m\u00f4jmu star\u00e9mu otcovi. Najv\u00e4\u010d\u0161ou motiv\u00e1ciou bolo teda vytvorenie k\u00f3pie spom\u00ednan\u00e9ho opasku, preto\u017ee mi po starom otcovi ni\u010d nezostalo.<\/p>\n<p style=\"font-weight: 400;\">Pri za\u010diatkoch mi pomohli viacer\u00ed majstri, ale, samozrejme, v\u0161etko mi nepovedali. Ka\u017ed\u00fd m\u00e1 svoju vlastn\u00fa techniku, ktor\u00fa nechce dopodrobna prezradi\u0165. Najviac mi pomohol J\u00e1n Sta\u0148o zo Su\u010dian, Milan Ko\u010dt\u00fach z Liptovsk\u00e9ho Hr\u00e1dku, \u013dubo Medve\u010f z \u010cierneho Balogu a \u013dubom\u00edr \u0160ida z Liptovsk\u00fdch Slia\u010dov, za \u010do im aj ve\u013emi pekne \u010fakujem.<\/p>\n<p style=\"font-weight: 400;\">Za\u010dal som s v\u00fdrobou be\u017en\u00fdch opaskov do nohav\u00edc, no nesk\u00f4r sa mi zap\u00e1\u010dilo zhotovovanie \u013eudov\u00fdch predmetov, ako s\u00fa krpce, pastierske kapsy, folkl\u00f3rne opasky, bi\u010de. Predned\u00e1vnom ma za\u010dali oslovova\u0165 diev\u010dat\u00e1 kv\u00f4li v\u00fdrobe kabeliek. Tak\u00fdmto sp\u00f4sobom sa mi zv\u00e4\u010d\u0161il okruh z\u00e1kazn\u00edkov. Pri v\u00fdrobe ka\u017ed\u00e9ho v\u00fdrobku je d\u00f4le\u017eit\u00e1 kvalita ko\u017ee bez ak\u00fdchko\u013evek kazov. Ko\u017eu si najprv namo\u010d\u00edm do vody a n\u00e1sledne do nej vyr\u00e1\u017eam kovov\u00fdmi raznicami vzory pod\u013ea toho, ak\u00e9 potrebujem pri danom v\u00fdrobku.<\/p>\n<p style=\"font-weight: 400;\">D\u00f4le\u017eit\u00e1 je pr\u00edprava, mus\u00edm si stanovi\u0165 rozmery a pouva\u017eova\u0165 o vzore, ktor\u00fd bude zdobi\u0165 m\u00f4j v\u00fdrobok. Najdlh\u0161ie, \u0161tyri a\u017e p\u00e4\u0165 dn\u00ed, trv\u00e1 v\u00fdroba \u0161tvorprackov\u00e9ho \u013eudov\u00e9ho opasku. Naopak, kabelku dok\u00e1\u017eem zhotovi\u0165 za dva dni, krpce dokonca za de\u0148. Je to len kon\u00ed\u010dek. Najv\u00e4\u010d\u0161ou odmenou za zhotovenie v\u00fdrobkov nie je samotn\u00fd z\u00e1robok, ale to, ke\u010f dostanem uznanie a po\u010fakovanie od majite\u013eov, ku ktor\u00fdm jednotliv\u00e9 predmety putuj\u00fa. Samo-zrejme, chod\u00edm aj do pr\u00e1ce. Som stol\u00e1r. Po pr\u00edchode domov z pr\u00e1ce sa tomu venujem dve a\u017e tri hodinky, no z\u00e1le\u017e\u00ed na tom, \u010do vyr\u00e1bam.\u201c<\/p>\n<p style=\"font-weight: 400;\">Zdroj text a foto:\u00a0<a href=\"https:\/\/www.facebook.com\/vyrobazkozekukol\/\">facebook.com\/vyrobazkozekukol<\/a><\/p>\n","protected":false},"excerpt":{"rendered":"<p>Kult\u00farny dom A. Hlinku v\u00e1s poz\u00fdva na podujatie Remeslo m\u00e1 zlat\u00e9 dno: uk\u00e1\u017eky tradi\u010dn\u00fdch slovensk\u00fdch \u013eudov\u00fdch remesiel. Miesto konania: Humno pri Ro\u013en\u00edckom dome vo Vlkol\u00ednci Viac inform\u00e1ci\u00ed: 0905 842 696,&hellip;<\/p>\n","protected":false},"author":16,"featured_media":392127,"comment_status":"closed","ping_status":"open","sticky":false,"template":"","format":"standard","meta":{"_monsterinsights_skip_tracking":false,"_monsterinsights_sitenote_active":false,"_monsterinsights_sitenote_note":"","_monsterinsights_sitenote_category":0,"footnotes":""},"categories":[519],"tags":[],"class_list":["post-392125","post","type-post","status-publish","format-standard","has-post-thumbnail","hentry","category-novinky-a-zaujimavosti"],"acf":[],"post_mailing_queue_ids":[],"_links":{"self":[{"href":"https:\/\/www.vlkolinec.sk\/en\/wp-json\/wp\/v2\/posts\/392125"}],"collection":[{"href":"https:\/\/www.vlkolinec.sk\/en\/wp-json\/wp\/v2\/posts"}],"about":[{"href":"https:\/\/www.vlkolinec.sk\/en\/wp-json\/wp\/v2\/types\/post"}],"author":[{"embeddable":true,"href":"https:\/\/www.vlkolinec.sk\/en\/wp-json\/wp\/v2\/users\/16"}],"replies":[{"embeddable":true,"href":"https:\/\/www.vlkolinec.sk\/en\/wp-json\/wp\/v2\/comments?post=392125"}],"version-history":[{"count":3,"href":"https:\/\/www.vlkolinec.sk\/en\/wp-json\/wp\/v2\/posts\/392125\/revisions"}],"predecessor-version":[{"id":392130,"href":"https:\/\/www.vlkolinec.sk\/en\/wp-json\/wp\/v2\/posts\/392125\/revisions\/392130"}],"wp:featuredmedia":[{"embeddable":true,"href":"https:\/\/www.vlkolinec.sk\/en\/wp-json\/wp\/v2\/media\/392127"}],"wp:attachment":[{"href":"https:\/\/www.vlkolinec.sk\/en\/wp-json\/wp\/v2\/media?parent=392125"}],"wp:term":[{"taxonomy":"category","embeddable":true,"href":"https:\/\/www.vlkolinec.sk\/en\/wp-json\/wp\/v2\/categories?post=392125"},{"taxonomy":"post_tag","embeddable":true,"href":"https:\/\/www.vlkolinec.sk\/en\/wp-json\/wp\/v2\/tags?post=392125"}],"curies":[{"name":"wp","href":"https:\/\/api.w.org\/{rel}","templated":true}]}}