{"id":394617,"date":"2026-09-02T10:56:36","date_gmt":"2026-09-02T08:56:36","guid":{"rendered":"https:\/\/www.vlkolinec.sk\/?p=394617"},"modified":"2026-09-02T11:18:04","modified_gmt":"2026-09-02T09:18:04","slug":"jesen-vo-vlkolinci","status":"publish","type":"post","link":"https:\/\/www.vlkolinec.sk\/de\/jesen-vo-vlkolinci\/","title":{"rendered":"Jese\u0148 vo Vlkol\u00ednci"},"content":{"rendered":"<div class=\"xdj266r x14z9mp xat24cr x1lziwak x1vvkbs x126k92a\">\n<div dir=\"auto\">\n<h3>Vlkol\u00ednec si u\u017eijete najlep\u0161ie v pokoji.<\/h3>\n<p>Ke\u010f letn\u00fd ruch ut\u00edchne, drevenice, horsk\u00e9 chodn\u00ed\u010dky a v\u00fdh\u013eady si m\u00f4\u017eete vychutna\u0165 \u00faplne inak. Bez zhonu, bez davov \u2013 len Vy, Vlkol\u00ednec a jeho jedine\u010dn\u00e1 atmosf\u00e9ra.<\/p>\n<p>Expoz\u00edcie s\u00fa otvoren\u00e9 <strong>ka\u017ed\u00fd de\u0148 od 9:00 do 17:00 a\u017e do 15. septembra 2026.<\/strong><\/p>\n<p>Zastavte sa. Prejdite sa. Objavte Vlkol\u00ednec v jeho pokojnej\u0161ej podobe.<\/p>\n<\/div>\n<\/div>\n<div class=\"x14z9mp xat24cr x1lziwak x1vvkbs xtlvy1s x126k92a\">\n<div dir=\"auto\">Te\u0161\u00edme sa na v\u00e1s!<br \/>\nZauj\u00edma v\u00e1s, \u010do sa deje vo Vlkol\u00ednci!\u00a0<strong>Pridajte sa do FB skupiny <a href=\"https:\/\/www.facebook.com\/VisitVlkolinec\">Visit Vlkol\u00ednec<\/a><\/strong>\u00a0n\u00e1jdete tam fotky, aktu\u00e1lne inform\u00e1cie a zauj\u00edmavosti z Vlkol\u00ednca.<img loading=\"lazy\" decoding=\"async\" class=\"alignnone size-full wp-image-393963\" src=\"https:\/\/www.vlkolinec.sk\/wp-content\/uploads\/2026\/06\/instagram-visitvlkolinec.png\" alt=\"\" width=\"150\" height=\"150\" \/> <img loading=\"lazy\" decoding=\"async\" class=\"alignnone size-full wp-image-393960\" src=\"https:\/\/www.vlkolinec.sk\/wp-content\/uploads\/2026\/06\/facebook-visitvlkolinec.png\" alt=\"\" width=\"150\" height=\"150\" \/><\/p>\n<p><img loading=\"lazy\" decoding=\"async\" class=\"alignnone size-full wp-image-394619\" src=\"https:\/\/www.vlkolinec.sk\/wp-content\/uploads\/2026\/09\/vlko-jesen.png\" alt=\"\" width=\"752\" height=\"1024\" \/><\/p>\n<\/div>\n<\/div>\n","protected":false},"excerpt":{"rendered":"<p>Vlkol\u00ednec si u\u017eijete najlep\u0161ie v pokoji. Ke\u010f letn\u00fd ruch ut\u00edchne, drevenice, horsk\u00e9 chodn\u00ed\u010dky a v\u00fdh\u013eady si m\u00f4\u017eete vychutna\u0165 \u00faplne inak. Bez zhonu, bez davov \u2013 len Vy, Vlkol\u00ednec a jeho&hellip;<\/p>\n","protected":false},"author":18,"featured_media":394622,"comment_status":"closed","ping_status":"closed","sticky":false,"template":"","format":"standard","meta":{"_monsterinsights_skip_tracking":false,"_monsterinsights_sitenote_active":false,"_monsterinsights_sitenote_note":"","_monsterinsights_sitenote_category":0,"footnotes":""},"categories":[1],"tags":[],"class_list":["post-394617","post","type-post","status-publish","format-standard","has-post-thumbnail","hentry","category-uncategorized-sk"],"acf":[],"post_mailing_queue_ids":[],"_links":{"self":[{"href":"https:\/\/www.vlkolinec.sk\/de\/wp-json\/wp\/v2\/posts\/394617"}],"collection":[{"href":"https:\/\/www.vlkolinec.sk\/de\/wp-json\/wp\/v2\/posts"}],"about":[{"href":"https:\/\/www.vlkolinec.sk\/de\/wp-json\/wp\/v2\/types\/post"}],"author":[{"embeddable":true,"href":"https:\/\/www.vlkolinec.sk\/de\/wp-json\/wp\/v2\/users\/18"}],"replies":[{"embeddable":true,"href":"https:\/\/www.vlkolinec.sk\/de\/wp-json\/wp\/v2\/comments?post=394617"}],"version-history":[{"count":3,"href":"https:\/\/www.vlkolinec.sk\/de\/wp-json\/wp\/v2\/posts\/394617\/revisions"}],"predecessor-version":[{"id":394643,"href":"https:\/\/www.vlkolinec.sk\/de\/wp-json\/wp\/v2\/posts\/394617\/revisions\/394643"}],"wp:featuredmedia":[{"embeddable":true,"href":"https:\/\/www.vlkolinec.sk\/de\/wp-json\/wp\/v2\/media\/394622"}],"wp:attachment":[{"href":"https:\/\/www.vlkolinec.sk\/de\/wp-json\/wp\/v2\/media?parent=394617"}],"wp:term":[{"taxonomy":"category","embeddable":true,"href":"https:\/\/www.vlkolinec.sk\/de\/wp-json\/wp\/v2\/categories?post=394617"},{"taxonomy":"post_tag","embeddable":true,"href":"https:\/\/www.vlkolinec.sk\/de\/wp-json\/wp\/v2\/tags?post=394617"}],"curies":[{"name":"wp","href":"https:\/\/api.w.org\/{rel}","templated":true}]}}