{"id":394607,"date":"2026-09-02T10:46:12","date_gmt":"2026-09-02T08:46:12","guid":{"rendered":"https:\/\/www.vlkolinec.sk\/?p=394607"},"modified":"2026-09-02T10:50:24","modified_gmt":"2026-09-02T08:50:24","slug":"malino-brdo-vylet-do-vlkolinca","status":"publish","type":"post","link":"https:\/\/www.vlkolinec.sk\/de\/malino-brdo-vylet-do-vlkolinca\/","title":{"rendered":"Malin\u00f4 Brdo &#8211; v\u00fdlet do Vlkol\u00ednca"},"content":{"rendered":"<div class=\"xdj266r x14z9mp xat24cr x1lziwak x1vvkbs x126k92a\">\n<div dir=\"auto\">Leto vo Vlkol\u00ednci sa s\u00edce skon\u010dilo, ale my pokra\u010dujeme \u010falej!<\/div>\n<\/div>\n<div class=\"x14z9mp xat24cr x1lziwak x1vvkbs xtlvy1s x126k92a\">\n<div dir=\"auto\">Letn\u00fd ruch ut\u00edchol, po\u010dasie n\u00e1m v\u0161ak st\u00e1le praje a pr\u00e1ve teraz je ide\u00e1lny \u010das na pokojnej\u0161iu n\u00e1v\u0161tevu Vlkol\u00ednca.<\/div>\n<\/div>\n<div class=\"x14z9mp xat24cr x1lziwak x1vvkbs xtlvy1s x126k92a\">\n<div dir=\"auto\"><\/div>\n<\/div>\n<div class=\"x14z9mp xat24cr x1lziwak x1vvkbs xtlvy1s x126k92a\">\n<div dir=\"auto\">Poskytujeme v\u00e1m aj aktu\u00e1lne prev\u00e1dzkov\u00e9 hodiny lanovky na Malin\u00f4 Brdo, aby ste si mohli napl\u00e1nova\u0165 kr\u00e1snu turistick\u00fa prech\u00e1dzku do Vlkol\u00ednca.<\/div>\n<\/div>\n<div class=\"x14z9mp xat24cr x1lziwak x1vvkbs xtlvy1s x126k92a\">\n<div dir=\"auto\">\n<p>Te\u0161\u00edme sa na v\u00e1s!<\/p>\n<p>Viac inform\u00e1ci\u00ed o stredisku:\u00a0<a href=\"https:\/\/skipark.sk\">Malin\u00f4 Brdo<\/a><\/p>\n<\/div>\n<div dir=\"auto\"><img loading=\"lazy\" decoding=\"async\" class=\"alignnone size-full wp-image-394609\" src=\"https:\/\/www.vlkolinec.sk\/wp-content\/uploads\/2026\/09\/ChatGPT-Image-2.-9.-2026-08_55_37.png\" alt=\"\" width=\"757\" height=\"1024\" \/><\/div>\n<\/div>\n","protected":false},"excerpt":{"rendered":"<p>Leto vo Vlkol\u00ednci sa s\u00edce skon\u010dilo, ale my pokra\u010dujeme \u010falej! Letn\u00fd ruch ut\u00edchol, po\u010dasie n\u00e1m v\u0161ak st\u00e1le praje a pr\u00e1ve teraz je ide\u00e1lny \u010das na pokojnej\u0161iu n\u00e1v\u0161tevu Vlkol\u00ednca. Poskytujeme v\u00e1m&hellip;<\/p>\n","protected":false},"author":18,"featured_media":394612,"comment_status":"closed","ping_status":"closed","sticky":false,"template":"","format":"standard","meta":{"_monsterinsights_skip_tracking":false,"_monsterinsights_sitenote_active":false,"_monsterinsights_sitenote_note":"","_monsterinsights_sitenote_category":0,"footnotes":""},"categories":[1],"tags":[],"class_list":["post-394607","post","type-post","status-publish","format-standard","has-post-thumbnail","hentry","category-uncategorized-sk"],"acf":[],"post_mailing_queue_ids":[],"_links":{"self":[{"href":"https:\/\/www.vlkolinec.sk\/de\/wp-json\/wp\/v2\/posts\/394607"}],"collection":[{"href":"https:\/\/www.vlkolinec.sk\/de\/wp-json\/wp\/v2\/posts"}],"about":[{"href":"https:\/\/www.vlkolinec.sk\/de\/wp-json\/wp\/v2\/types\/post"}],"author":[{"embeddable":true,"href":"https:\/\/www.vlkolinec.sk\/de\/wp-json\/wp\/v2\/users\/18"}],"replies":[{"embeddable":true,"href":"https:\/\/www.vlkolinec.sk\/de\/wp-json\/wp\/v2\/comments?post=394607"}],"version-history":[{"count":2,"href":"https:\/\/www.vlkolinec.sk\/de\/wp-json\/wp\/v2\/posts\/394607\/revisions"}],"predecessor-version":[{"id":394616,"href":"https:\/\/www.vlkolinec.sk\/de\/wp-json\/wp\/v2\/posts\/394607\/revisions\/394616"}],"wp:featuredmedia":[{"embeddable":true,"href":"https:\/\/www.vlkolinec.sk\/de\/wp-json\/wp\/v2\/media\/394612"}],"wp:attachment":[{"href":"https:\/\/www.vlkolinec.sk\/de\/wp-json\/wp\/v2\/media?parent=394607"}],"wp:term":[{"taxonomy":"category","embeddable":true,"href":"https:\/\/www.vlkolinec.sk\/de\/wp-json\/wp\/v2\/categories?post=394607"},{"taxonomy":"post_tag","embeddable":true,"href":"https:\/\/www.vlkolinec.sk\/de\/wp-json\/wp\/v2\/tags?post=394607"}],"curies":[{"name":"wp","href":"https:\/\/api.w.org\/{rel}","templated":true}]}}