{"id":393081,"date":"2025-08-26T11:45:52","date_gmt":"2025-08-26T09:45:52","guid":{"rendered":"https:\/\/www.vlkolinec.sk\/?p=393081"},"modified":"2025-08-26T11:45:52","modified_gmt":"2025-08-26T09:45:52","slug":"vlkolinec-v-lete-2025-drotarstvo-krojarstvo","status":"publish","type":"post","link":"https:\/\/www.vlkolinec.sk\/de\/vlkolinec-v-lete-2025-drotarstvo-krojarstvo\/","title":{"rendered":"Vlkol\u00ednec v lete 2025 &#8211; Drot\u00e1rstvo, kroj\u00e1rstvo"},"content":{"rendered":"<p><strong>Kult\u00farny dom A. Hlinku v\u00e1s poz\u00fdva na prezent\u00e1ciu \u013eudov\u00fdch remesiel.<br \/>\n<\/strong><\/p>\n<p><strong>D\u00e1tum konania:<\/strong> 30.8. \u2013 31.8.2025<strong><br \/>\n<\/strong><strong>Miesto konania:<\/strong>\u00a0\u0160kolsk\u00fd dvor vo Vlkol\u00ednci (za Gal\u00e9riou)<br \/>\n<strong>\u010cas konania:<\/strong> 10:00 \u2013 17:00 hod.<\/p>\n<p><strong>Tento v\u00edkend sa m\u00f4\u017eete te\u0161i\u0165 na uk\u00e1\u017eky drot\u00e1rstva a v\u00fdroby krojov.<\/strong><\/p>\n<p><span style=\"font-family: georgia, palatino, serif;\"><span style=\"font-size: large;\"><b><span style=\"font-size: 14pt;\">\u2665Drot\u00e1rstvo \u2013 slovensk\u00e9 remeslo zap\u00edsan\u00e9 v UNESCO<\/span><br \/>\n<\/b><\/span><b>Trad\u00edcia, ktor\u00e1 sp\u00e1ja dr\u00f4t, ruky a du\u0161u remesla<br \/>\n<\/b>Drot\u00e1rstvo patr\u00ed medzi najv\u00fdraznej\u0161ie a z\u00e1rove\u0148 najzauj\u00edmavej\u0161ie fenom\u00e9ny tradi\u010dnej \u013eudovej v\u00fdroby na Slovensku. Vzniklo ako sp\u00f4sob ob\u017eivy pre obyvate\u013eov chudobn\u00fdch oblast\u00ed severoz\u00e1padn\u00e9ho Slovenska \u2013 predov\u0161etk\u00fdm v oblasti Kys\u00fac, Turca, Oravy a Pova\u017eia, kde bolo p\u00f4dy m\u00e1lo a \u017eivot tvrd\u00fd.<\/span><\/p>\n<p><span style=\"font-family: georgia, palatino, serif;\">U\u017e v 18. storo\u010d\u00ed za\u010dali drot\u00e1ri putova\u0165 po krajin\u00e1ch Rak\u00fasko-Uhorska a nesk\u00f4r aj \u010falej \u2013 po celej Eur\u00f3pe, do Ruska, na Balk\u00e1n, do \u00c1zie a dokonca a\u017e do Ameriky. V batohu si niesli len z\u00e1kladn\u00e9 n\u00e1radie, klie\u0161te, kot\u00fa\u010diky dr\u00f4tu a svoju zru\u010dnos\u0165. V dom\u00e1cnostiach opravovali hlinen\u00e9 hrnce, dr\u00f4tovali n\u00e1doby, vyr\u00e1bali ve\u0161iaky, pasce na my\u0161i, podnosy \u010di ko\u0161\u00edky \u2013 praktick\u00e9, pevn\u00e9 a z\u00e1rove\u0148 origin\u00e1lne.<\/span><\/p>\n<p><span style=\"font-family: georgia, palatino, serif;\"><b>Viac ne\u017e len opravy<br \/>\n<\/b>Postupne sa drot\u00e1rstvo vyvinulo z \u010disto praktick\u00e9ho remesla aj do umeleckej formy. Za\u010dali vznika\u0165 ozdobn\u00e9 predmety, fig\u00farky, \u0161perky a plastiky, ktor\u00e9 dnes predstavuj\u00fa unik\u00e1tne spojenie tradi\u010dnej techniky s modern\u00fdm v\u00fdtvarn\u00fdm v\u00fdrazom. Z\u00e1kladom drot\u00e1rskej technol\u00f3gie je ru\u010dn\u00e9 viazanie, oh\u00fdbanie a spletenie dr\u00f4tu \u2013 bez pou\u017eitia zv\u00e1rania alebo sp\u00e1jkovania. T\u00e1to jednoduch\u00e1, no n\u00e1ro\u010dn\u00e1 technika si vy\u017eaduje presnos\u0165, trpezlivos\u0165 a cit pre detail.<\/span><br \/>\n<span style=\"font-family: georgia, palatino, serif;\">Drot\u00e1rstvo sa dodnes akt\u00edvne rozv\u00edja. Venuj\u00fa sa mu remeseln\u00edci i umelci po celom Slovensku \u2013 najm\u00e4 v oblastiach ako \u017dilina, \u010cadca, Martin, N\u00e1mestovo, Levo\u010da, Leopoldov, \u017diar nad Hronom, Ma\u0148a, ale aj v Bratislave.<\/span><\/p>\n<p><span style=\"font-family: georgia, palatino, serif;\"><b>Drot\u00e1rstvo a UNESCO<br \/>\n<\/b>V roku 2022 sa drot\u00e1rstvo stalo siedmym prvkom nehmotn\u00e9ho kult\u00farneho dedi\u010dstva Slovenska, zap\u00edsan\u00fdm do zoznamu nehmotn\u00e9ho kult\u00farneho dedi\u010dstva \u013eudstva UNESCO. Tento \u00faspech je v\u00fdsledkom spolupr\u00e1ce Centra pre tradi\u010dn\u00fa kult\u00faru pri S\u013dUK-u, \u00da\u013dUV-u, Pova\u017esk\u00e9ho m\u00fazea v \u017diline, Ministerstva kult\u00fary SR a \u2013 \u010do je najd\u00f4le\u017eitej\u0161ie \u2013 samotn\u00fdch remeseln\u00edkov a nosite\u013eov tejto trad\u00edcie.<\/span><\/p>\n<p><span style=\"font-family: georgia, palatino, serif;\"><b>Drot\u00e1rstvo vo Vlkol\u00ednci \u2013 remeslo, ktor\u00e9 si m\u00f4\u017eete vysk\u00fa\u0161a\u0165<br \/>\n<\/b>Aj po\u010das podujatia Vlkol\u00ednec v lete 2025 bude ma\u0165 drot\u00e1rstvo svoje miesto.<\/span><br \/>\n<span style=\"font-family: georgia, palatino, serif;\">Svoju zru\u010dnos\u0165 a umenie n\u00e1m predvedie pani <b>Eva Biarincov\u00e1<\/b>, ktor\u00e1 sa drot\u00e1rstvu venuje u\u017e mnoho rokov a patr\u00ed medzi re\u0161pektovan\u00e9 osobnosti v tejto oblasti.<\/span><br \/>\n<span style=\"font-family: georgia, palatino, serif;\">\u2660Uk\u00e1\u017eky s\u00fa interakt\u00edvne \u2013 n\u00e1v\u0161tevn\u00edci si bud\u00fa m\u00f4c\u0165 drot\u00e1rsku techniku vysk\u00fa\u0161a\u0165 na\u017eivo a odnies\u0165 si vlastn\u00fd mal\u00fd v\u00fdrobok alebo z\u00e1\u017eitok na cel\u00fd \u017eivot.<\/span><\/p>\n<p><span style=\"font-size: 14pt; font-family: georgia, palatino, serif;\"><b>\u2665Kroj ako svedectvo hist\u00f3rie: Em\u00edlia \u0160im\u010dekov\u00e1 a jej l\u00e1ska k trad\u00edcii<\/b><\/span><\/p>\n<p><span style=\"font-family: georgia, palatino, serif;\"><b>Liptovsk\u00e9 Slia\u010de<\/b> \u2013 kraj, kde m\u00e1 trad\u00edcia v\u00fd\u0161iviek a krojov hlbok\u00e9 korene. Ka\u017ed\u00fd detail kroja \u2013 od jemn\u00fdch stehov po v\u00fdber farieb \u2013 nesie pr\u00edbeh. Pr\u00edbeh \u013eud\u00ed, ktor\u00ed ho kedysi denne nosili, i t\u00fdch, ktor\u00ed ho dnes s l\u00e1skou zachra\u0148uj\u00fa pre \u010fal\u0161ie gener\u00e1cie. Jednou z nich je <b>Em\u00edlia \u0160im\u010dekov\u00e1<\/b>, kroj\u00e1rka z Liptovsk\u00fdch Slia\u010dov.<\/span><br \/>\n<span style=\"font-family: georgia, palatino, serif;\">K \u0161itiu sa dostala prirodzene \u2013 ako vyu\u010den\u00e1 p\u00e1nska kraj\u010d\u00edrka \u0161ila odmali\u010dka. Z\u00e1klady odkukala od mamy. Ako sama spom\u00edna: <i>\u201eMala som dobr\u00fa u\u010dite\u013eku. Ob\u0161\u00edvala som vrecia, diev\u010dat\u00e1m vyr\u00e1bala oble\u010denie\u2026\u201c<\/i> Prv\u00fd kroj vytvorila po prosbe zn\u00e1meho, ktor\u00fd potreboval kroj na jarmok. Ohlas bol obrovsk\u00fd \u2013 a tak vznikol nov\u00fd smer v jej tvorbe.<\/span><br \/>\n<span style=\"font-family: georgia, palatino, serif;\">Dnes m\u00e1 za sebou desiatky kusov krojov, ktor\u00e9 nosia \u013eudia nielen na Slovensku, ale aj v Kanade, Nemecku \u010di \u010ceskej republike. Em\u00edlia sa kroj\u00e1rstvu venuje vo vo\u013enom \u010dase \u2013 popri pr\u00e1ci u\u010dite\u013eky det\u00ed s poruchami autistick\u00e9ho spektra. \u0160itie je pre \u0148u psychohygiena. <i>\u201eKa\u017ed\u00fd kroj m\u00e1 svoj pr\u00edbeh. Pred \u0161it\u00edm si zist\u00edm \u010do najviac inform\u00e1ci\u00ed \u2013 o regi\u00f3ne, strihoch, v\u00fd\u0161ivk\u00e1ch,\u201c<\/i> hovor\u00ed.<\/span><br \/>\n<span style=\"font-family: georgia, palatino, serif;\">V\u00fdroba kroja nie je jednoduch\u00e1 \u2013 zaber\u00e1 desiatky hod\u00edn. Najviac \u010dasu si vy\u017eiada pr\u00e1ve v\u00fd\u0161ivka. <i>\u201eStalo sa, \u017ee som vy\u0161\u00edvala cel\u00fa noc, aby som stihla odovzda\u0165 kroj na\u010das,\u201c<\/i> smeje sa.<\/span><\/p>\n<p><span style=\"font-family: georgia, palatino, serif;\"><b>Kroje ako kronika regi\u00f3nov<br \/>\n<\/b>Kroje nie s\u00fa len odevom. S\u00fa vizu\u00e1lnou re\u010dou, ktorou sa \u013eudia kedysi dorozumievali. Pod\u013ea farieb, v\u00fd\u0161iviek a doplnkov sa dalo rozpozna\u0165, z ktorej dediny \u010dlovek poch\u00e1dza, \u010di je slobodn\u00fd, vydat\u00e1, \u010derstv\u00e1 matka, \u010di v sm\u00fatku. V Liptovsk\u00fdch Slia\u010doch napr\u00edklad \u017eeny nosili dlh\u00e9 sukne, Liskov\u010danky krat\u0161ie a \u017eeny z Likavky tmav\u00e9 kroje.<\/span><br \/>\n<span style=\"font-family: georgia, palatino, serif;\">\u2663\u0160pecifick\u00fd bol aj \u010depiec \u2013 v Slia\u010doch mal v\u00fdnimo\u010dn\u00fd tvar s \u201eu\u0161kami\u201c. Slobodn\u00e9 diev\u010dat\u00e1 nosili stuhy vo vlasoch, vydat\u00e9 \u017eeny v\u00fdhradne \u010depiec. Farebnos\u0165 \u0161atiek \u010di stuhy na klob\u00faku prezr\u00e1dzali rodinn\u00fd stav \u010di spolo\u010densk\u00fd status.<\/span><\/p>\n<p><span style=\"font-family: georgia, palatino, serif;\"><b>Trad\u00edcia, ktor\u00e1 \u017eije<br \/>\n<\/b>V dedine dnes nosia kroj denne len dve star\u0161ie \u017eeny. No trad\u00edcia \u017eije aj v\u010faka Em\u00edlii. Jej kroje zdobia folkl\u00f3rne s\u00fabory, svadby, jarmoky. Za svoju pr\u00e1cu z\u00edskala ozna\u010denie <b>\u201eProdukt Liptova\u201c<\/b> \u2013 zna\u010dku poctivej region\u00e1lnej tvorby.<\/span><br \/>\n<span style=\"font-family: georgia, palatino, serif;\">Jej snom je, aby mlad\u00e1 gener\u00e1cia trad\u00edciu zachovala. <i>\u201eNajv\u00e4\u010d\u0161ou odmenou je spokojnos\u0165 z\u00e1kazn\u00edka. Ale aj ka\u017ed\u00e9 povzbudenie od \u013eud\u00ed, ktor\u00fdm sa moja pr\u00e1ca p\u00e1\u010di,\u201c<\/i> uzatv\u00e1ra.<\/span><\/p>\n<p><span style=\"font-family: georgia, palatino, serif;\"><strong>Presn\u00fd rozpis jednotliv\u00fdch podujat\u00ed na cel\u00e9 leto<\/strong>\u00a0n\u00e1jdete\u00a0<a class=\"link-icon link-icon--external\" href=\"https:\/\/www.vlkolinec.sk\/vlkolinec-v-lete-2025\/\" target=\"_blank\" rel=\"noopener\">TU<\/a>.<\/span><\/p>\n<p><span style=\"font-size: 12pt; font-family: georgia, palatino, serif;\">Viac inform\u00e1ci\u00ed:<\/span><br \/>\n<span style=\"font-size: 12pt; font-family: georgia, palatino, serif;\"><a href=\"mailto:weidlichova@kdah.sk\">weidlichova@kdah.sk<\/a><\/span><br \/>\n<span style=\"font-size: 12pt; font-family: georgia, palatino, serif;\"><a href=\"tel:+421905842696\">0905 842 696<\/a><\/p>\n<p><img loading=\"lazy\" decoding=\"async\" class=\"alignnone size-large wp-image-393083\" src=\"https:\/\/www.vlkolinec.sk\/wp-content\/uploads\/2025\/08\/VLkolinec-v-lete-2025-vikend-9-724x1024.jpeg\" alt=\"\" width=\"724\" height=\"1024\" \/><br \/>\n<\/span><\/p>\n","protected":false},"excerpt":{"rendered":"<p>Kult\u00farny dom A. Hlinku v\u00e1s poz\u00fdva na prezent\u00e1ciu \u013eudov\u00fdch remesiel. D\u00e1tum konania: 30.8. \u2013 31.8.2025 Miesto konania:\u00a0\u0160kolsk\u00fd dvor vo Vlkol\u00ednci (za Gal\u00e9riou) \u010cas konania: 10:00 \u2013 17:00 hod. Tento v\u00edkend&hellip;<\/p>\n","protected":false},"author":18,"featured_media":393086,"comment_status":"closed","ping_status":"closed","sticky":false,"template":"","format":"standard","meta":{"_monsterinsights_skip_tracking":false,"_monsterinsights_sitenote_active":false,"_monsterinsights_sitenote_note":"","_monsterinsights_sitenote_category":0,"footnotes":""},"categories":[1],"tags":[],"class_list":["post-393081","post","type-post","status-publish","format-standard","has-post-thumbnail","hentry","category-uncategorized-sk"],"acf":[],"post_mailing_queue_ids":[],"_links":{"self":[{"href":"https:\/\/www.vlkolinec.sk\/de\/wp-json\/wp\/v2\/posts\/393081"}],"collection":[{"href":"https:\/\/www.vlkolinec.sk\/de\/wp-json\/wp\/v2\/posts"}],"about":[{"href":"https:\/\/www.vlkolinec.sk\/de\/wp-json\/wp\/v2\/types\/post"}],"author":[{"embeddable":true,"href":"https:\/\/www.vlkolinec.sk\/de\/wp-json\/wp\/v2\/users\/18"}],"replies":[{"embeddable":true,"href":"https:\/\/www.vlkolinec.sk\/de\/wp-json\/wp\/v2\/comments?post=393081"}],"version-history":[{"count":1,"href":"https:\/\/www.vlkolinec.sk\/de\/wp-json\/wp\/v2\/posts\/393081\/revisions"}],"predecessor-version":[{"id":393089,"href":"https:\/\/www.vlkolinec.sk\/de\/wp-json\/wp\/v2\/posts\/393081\/revisions\/393089"}],"wp:featuredmedia":[{"embeddable":true,"href":"https:\/\/www.vlkolinec.sk\/de\/wp-json\/wp\/v2\/media\/393086"}],"wp:attachment":[{"href":"https:\/\/www.vlkolinec.sk\/de\/wp-json\/wp\/v2\/media?parent=393081"}],"wp:term":[{"taxonomy":"category","embeddable":true,"href":"https:\/\/www.vlkolinec.sk\/de\/wp-json\/wp\/v2\/categories?post=393081"},{"taxonomy":"post_tag","embeddable":true,"href":"https:\/\/www.vlkolinec.sk\/de\/wp-json\/wp\/v2\/tags?post=393081"}],"curies":[{"name":"wp","href":"https:\/\/api.w.org\/{rel}","templated":true}]}}