{"id":392821,"date":"2025-06-27T11:49:57","date_gmt":"2025-06-27T09:49:57","guid":{"rendered":"https:\/\/www.vlkolinec.sk\/?p=392821"},"modified":"2025-07-04T11:17:44","modified_gmt":"2025-07-04T09:17:44","slug":"odpustova-slavnost","status":"publish","type":"post","link":"https:\/\/www.vlkolinec.sk\/de\/odpustova-slavnost\/","title":{"rendered":"Odpustov\u00e1 sl\u00e1vnos\u0165"},"content":{"rendered":"<p><strong>Poz\u00fdvame v\u00e1s na sl\u00e1vnostn\u00fa sv\u00e4t\u00fa om\u0161u k sviatku Nav\u0161t\u00edvenia Panny M\u00e1rie.<\/strong><\/p>\n<p><strong>D\u00e1tum:<\/strong> 6.7.2025<br \/>\n<strong>Miesto konania:<\/strong>\u00a0Kostol Nav\u0161t\u00edvenia Panny M\u00e1rie vo Vlkol\u00ednci<\/p>\n<p>Odpustov\u00e1 sl\u00e1vnos\u0165 sa za\u010dne o 14:30 pobo\u017enos\u0165ou sv\u00e4t\u00e9ho ru\u017eenca a o 15:00 bude sl\u00e1vnostn\u00e1 sv\u00e4t\u00e1 om\u0161a.<br \/>\nKu sv\u00e4tej spovedi mo\u017eno prist\u00fapi\u0165 od 14:00 hod.<\/p>\n<p>Srde\u010dne v\u00e1s poz\u00fdva ve\u013ead\u00f4stojn\u00fd p\u00e1n far\u00e1r Henryk Sitek.<br \/>\n<img loading=\"lazy\" decoding=\"async\" class=\"alignnone size-large wp-image-392823\" src=\"https:\/\/www.vlkolinec.sk\/wp-content\/uploads\/2025\/06\/Odpustova-slavnost-Vlkolinec-751x1024.jpg\" alt=\"\" width=\"751\" height=\"1024\" \/><\/p>\n<p>&nbsp;<\/p>\n","protected":false},"excerpt":{"rendered":"<p>Poz\u00fdvame v\u00e1s na sl\u00e1vnostn\u00fa sv\u00e4t\u00fa om\u0161u k sviatku Nav\u0161t\u00edvenia Panny M\u00e1rie. D\u00e1tum: 6.7.2025 Miesto konania:\u00a0Kostol Nav\u0161t\u00edvenia Panny M\u00e1rie vo Vlkol\u00ednci Odpustov\u00e1 sl\u00e1vnos\u0165 sa za\u010dne o 14:30 pobo\u017enos\u0165ou sv\u00e4t\u00e9ho ru\u017eenca a&hellip;<\/p>\n","protected":false},"author":18,"featured_media":392878,"comment_status":"closed","ping_status":"closed","sticky":false,"template":"","format":"standard","meta":{"_monsterinsights_skip_tracking":false,"_monsterinsights_sitenote_active":false,"_monsterinsights_sitenote_note":"","_monsterinsights_sitenote_category":0,"footnotes":""},"categories":[1],"tags":[],"class_list":["post-392821","post","type-post","status-publish","format-standard","has-post-thumbnail","hentry","category-uncategorized-sk"],"acf":[],"post_mailing_queue_ids":[],"_links":{"self":[{"href":"https:\/\/www.vlkolinec.sk\/de\/wp-json\/wp\/v2\/posts\/392821"}],"collection":[{"href":"https:\/\/www.vlkolinec.sk\/de\/wp-json\/wp\/v2\/posts"}],"about":[{"href":"https:\/\/www.vlkolinec.sk\/de\/wp-json\/wp\/v2\/types\/post"}],"author":[{"embeddable":true,"href":"https:\/\/www.vlkolinec.sk\/de\/wp-json\/wp\/v2\/users\/18"}],"replies":[{"embeddable":true,"href":"https:\/\/www.vlkolinec.sk\/de\/wp-json\/wp\/v2\/comments?post=392821"}],"version-history":[{"count":5,"href":"https:\/\/www.vlkolinec.sk\/de\/wp-json\/wp\/v2\/posts\/392821\/revisions"}],"predecessor-version":[{"id":392852,"href":"https:\/\/www.vlkolinec.sk\/de\/wp-json\/wp\/v2\/posts\/392821\/revisions\/392852"}],"wp:featuredmedia":[{"embeddable":true,"href":"https:\/\/www.vlkolinec.sk\/de\/wp-json\/wp\/v2\/media\/392878"}],"wp:attachment":[{"href":"https:\/\/www.vlkolinec.sk\/de\/wp-json\/wp\/v2\/media?parent=392821"}],"wp:term":[{"taxonomy":"category","embeddable":true,"href":"https:\/\/www.vlkolinec.sk\/de\/wp-json\/wp\/v2\/categories?post=392821"},{"taxonomy":"post_tag","embeddable":true,"href":"https:\/\/www.vlkolinec.sk\/de\/wp-json\/wp\/v2\/tags?post=392821"}],"curies":[{"name":"wp","href":"https:\/\/api.w.org\/{rel}","templated":true}]}}