{"id":392805,"date":"2025-06-27T11:13:57","date_gmt":"2025-06-27T09:13:57","guid":{"rendered":"https:\/\/www.vlkolinec.sk\/?p=392805"},"modified":"2025-07-04T09:41:44","modified_gmt":"2025-07-04T07:41:44","slug":"vlkolinec-v-lete-2025-hackovanie-tkanie","status":"publish","type":"post","link":"https:\/\/www.vlkolinec.sk\/de\/vlkolinec-v-lete-2025-hackovanie-tkanie\/","title":{"rendered":"Vlkol\u00ednec v lete 2025 &#8211;  H\u00e1\u010dkovanie, tkanie"},"content":{"rendered":"<p><strong>Kult\u00farny dom A. Hlinku v\u00e1s poz\u00fdva na prezent\u00e1ciu \u013eudov\u00fdch remesiel.<\/strong><\/p>\n<p><strong>D\u00e1tum konania:<\/strong> 5.7. &#8211; 6.7.2025<strong><br \/>\n<\/strong><strong>Miesto konania:<\/strong>\u00a0\u0160kolsk\u00fd dvor vo Vlkol\u00ednci (za Gal\u00e9riou)<br \/>\n<strong>\u010cas konania:<\/strong>\u00a010:00 \u2013 16:45 hod.<\/p>\n<p>Pr\u00ed\u010fte si vysk\u00fa\u0161a\u0165 h\u00e1\u010dkovanie a tkanie v autentickom prostred\u00ed jednej z najkraj\u0161\u00edch ded\u00edn na Slovensku. Tradi\u010dn\u00e9 remesl\u00e1, kr\u00e1sne v\u00fdh\u013eady, pokojn\u00e1 atmosf\u00e9ra a tvoriv\u00e1 n\u00e1lada v\u00e1s \u010dakaj\u00fa vo Vlkol\u00ednci. Za\u017eite leto, ktor\u00e9 vonia trad\u00edciami.<\/p>\n<p><strong>H\u00c1\u010cKOVANIE<br \/>\n<\/strong><strong>\u010caro jemnej nite<br \/>\n<\/strong>H\u00e1\u010dkovanie je technika, ktorou sa pomocou h\u00e1\u010dika z priadze vytv\u00e1raj\u00fa o\u010dk\u00e1, slu\u010dky a vzory. P\u00f4sob\u00ed jednoducho, no ke\u010f vid\u00edte sk\u00fasen\u00e9 ruky remeseln\u00ed\u010dky, ako r\u00fdchlo a presne ved\u00fa h\u00e1\u010dik, r\u00fdchlo pochop\u00edte, \u017ee ide o majstrovstvo.<\/p>\n<p>Na Liptove bolo h\u00e1\u010dkovanie dlh\u00e9 desa\u0165ro\u010dia s\u00fa\u010das\u0165ou be\u017en\u00e9ho \u017eivota. \u017deny ho vyu\u017e\u00edvali nielen ako praktick\u00fa zru\u010dnos\u0165, ale aj ako sp\u00f4sob, ako vyjadri\u0165 svoju tvorivos\u0165. H\u00e1\u010dkovali sa\u00a0<strong>\u010dipkovan\u00e9 obr\u00fasky, okenn\u00e9 z\u00e1clony, ozdoby na kroje<\/strong>, ale aj praktick\u00e9 veci do dom\u00e1cnosti \u2013 prikr\u00fdvky, pod\u0161\u00e1lky, dokonca aj detsk\u00e9 hra\u010dky.<\/p>\n<p><strong>Spojenie gener\u00e1ci\u00ed<br \/>\n<\/strong>Mnoh\u00e9 star\u00e9 h\u00e1\u010dkovan\u00e9 vzory sa doteraz uchovali v rodin\u00e1ch, odovzd\u00e1van\u00e9 z gener\u00e1cie na gener\u00e1ciu. Ka\u017ed\u00fd vzor mal svoje pomenovanie \u2013 \u201eslzi\u010dky\u201c, \u201ehviezdi\u010dky\u201c, \u201ebabkin ven\u010dek\u201c. Tieto n\u00e1zvy niesli pr\u00edbehy, spomienky a \u010dastokr\u00e1t aj kus osobnej hist\u00f3rie.<\/p>\n<p><strong>Po\u010das v\u00edkendu vo Vlkol\u00ednci sa m\u00f4\u017eete stretn\u00fa\u0165 s remeseln\u00ed\u010dkou<\/strong>\u00a0<strong>Jankou Morav\u010d\u00edkovou<\/strong>, ktor\u00e1 v\u00e1m uk\u00e1\u017ee nielen z\u00e1klady h\u00e1\u010dkovania, ale aj r\u00f4zne techniky, vzory a vyu\u017eitie h\u00e1\u010dkovan\u00fdch v\u00fdrobkov v tradi\u010dnej i modernej dom\u00e1cnosti.<\/p>\n<p>A to najlep\u0161ie?\u00a0<strong>Budete si m\u00f4c\u0165 h\u00e1\u010dkovanie vysk\u00fa\u0161a\u0165 sami!<\/strong>\u00a0Pod jej veden\u00edm si mo\u017eno vytvor\u00edte svoj prv\u00fd h\u00e1\u010dkovan\u00fd k\u00fasok a odneste si domov origin\u00e1lny suven\u00edr vlastnej v\u00fdroby.<\/p>\n<p><strong>Pr\u00ed\u010fte sa nad\u00fdchnu\u0165 trad\u00edcie<br \/>\n<\/strong>Vlkol\u00ednec nie je len miestom kr\u00e1snych dom\u010dekov, ale aj \u017eiv\u00fdm nosite\u013eom slovenskej kult\u00fary. V\u010faka s\u00e9rii\u00a0<strong>Letn\u00fdch remeseln\u00fdch v\u00edkendov<\/strong>\u00a0sa m\u00f4\u017eete sta\u0165 s\u00fa\u010das\u0165ou tejto trad\u00edcie \u2013 nielen ako div\u00e1k, ale aj ako \u00fa\u010dastn\u00edk.<\/p>\n<p>Te\u0161\u00edme sa na v\u00e1s u\u017e tento v\u00edkend\u00a0 vo Vlkol\u00ednci \u2013 objavte kr\u00e1su h\u00e1\u010dkovania a nechajte sa o\u010dari\u0165 tichom, pr\u00edrodou a \u0161ikovnos\u0165ou \u013eudsk\u00fdch r\u00fak.<\/p>\n<p><strong>TKANIE VO VLKOL\u00cdNCI: KE\u010e SA NITE PREMIE\u0147AJ\u00da NA PR\u00cdBEHY<\/strong><\/p>\n<p>Leto vo Vlkol\u00ednci patr\u00ed remesl\u00e1m. Tento v\u00edkend bude patri\u0165 jedn\u00e9mu z najstar\u0161\u00edch a najpoetickej\u0161\u00edch \u2013\u00a0<strong>tkaniu<\/strong>. Pr\u00ed\u010fte sa pozrie\u0165, ako sa z tenkej nite, \u010di p\u00e1su l\u00e1tky pod rukami trpezlivej remeseln\u00ed\u010dky\u00a0<strong>Janky Javorkovej<\/strong>\u00a0st\u00e1va pevn\u00e1 tkanina \u2013 \u010di u\u017e ide o pl\u00e1tno, koberce alebo ozdobn\u00e9 text\u00edlie.<\/p>\n<p><strong>Tkanie \u2013 srdce ka\u017edej dediny<br \/>\n<\/strong>V minulosti sa na Liptove tkalo takmer v ka\u017edej dom\u00e1cnosti. Krosn\u00e1 boli s\u00fa\u010das\u0165ou v\u00fdbavy ka\u017edej gazdinej a \u017eeny tr\u00e1vili zimn\u00e9 ve\u010dery za zvuku \u0161\u013eapiek a rytmick\u00e9ho klopania r\u00e1mu. Tkanie nebolo len nutnos\u0165ou \u2013 bola to i tvoriv\u00e1 medit\u00e1cia, pri ktorej vznikali diela praktick\u00e9 aj kr\u00e1sne.<\/p>\n<p><strong>Na krosn\u00e1ch sa tkalo:<br \/>\n<\/strong>\u2013 \u013eanov\u00e9 pl\u00e1tno na poste\u013en\u00fa bielize\u0148 a odevy,<br \/>\n\u2013 vlnen\u00e9 deky a prikr\u00fdvky,<br \/>\n\u2013 vrecia na obilie \u010di in\u00e9 \u00fa\u017eitkov\u00e9 text\u00edlie,<br \/>\n\u2013 a ozdobn\u00e9 koberce \u010di stu\u017eky, ktor\u00e9 si \u017eeny navz\u00e1jom vymie\u0148ali.<\/p>\n<p>Ka\u017ed\u00fd vzor mal v\u00fdznam \u2013 bol nosite\u013eom regi\u00f3nu, rodiny a niekedy aj osobn\u00e9ho pr\u00edbehu. Niektor\u00e9 geometrick\u00e9 vzory sa dodnes zachovali ako s\u00fa\u010das\u0165 \u013eudov\u00fdch krojov a v\u00fdzdoby.<\/p>\n<p><strong>Od pl\u00e1tna k umeniu<br \/>\n<\/strong>Po\u010das v\u00edkendu vo Vlkol\u00ednci sa budete m\u00f4c\u0165 stretn\u00fa\u0165 s remeseln\u00ed\u010dkou Jankou Javorkovou, ktor\u00e1 v\u00e1m predvedie r\u00f4zne formy tkania, ktor\u00e9 si m\u00f4\u017eu vysk\u00fa\u0161a\u0165 aj deti.<\/p>\n<p>Uk\u00e1\u017ee v\u00e1m, ako sa kedysi pripravovala osnova, nap\u00ednala ni\u0165, a ako sa nitky premie\u0148ali na pevn\u00fd celok. Budete m\u00f4c\u0165 obdivova\u0165 nielen hotov\u00e9 v\u00fdrobky, ale aj proces ich tvorby.<\/p>\n<p>Pr\u00ed\u010fte sa dotkn\u00fa\u0165 hist\u00f3rie, pochopi\u0165 pomalos\u0165 tkania a mo\u017eno si aj odnies\u0165 vlastn\u00fd, ru\u010dne tkan\u00fd k\u00fasok domov.<\/p>\n<p><strong><br \/>\nVLKOL\u00cdNEC V LETE 2025 \u2014 LETO PLN\u00c9 TRAD\u00cdCI\u00cd, V\u00d4N\u00cd A Z\u00c1\u017dITKOV<br \/>\n<\/strong>Za\u017eite autentick\u00e9 slovensk\u00e9 leto vo Vlkol\u00ednci.<\/p>\n<p>Od j\u00fala do septembra v\u00e1s poz\u00fdvame na s\u00e9riu podujat\u00ed Vlkol\u00ednec v lete 2025, kde sa remesl\u00e1, folkl\u00f3r a pr\u00edroda stret\u00e1vaj\u00fa v jedine\u010dnej harm\u00f3nii. Ka\u017ed\u00fd v\u00edkend bude venovan\u00fd tradi\u010dn\u00fdm zru\u010dnostiam, po\u013enohospod\u00e1rstvu a kult\u00fare, ktor\u00fa si m\u00f4\u017eete nielen pozrie\u0165, ale aj vysk\u00fa\u0161a\u0165 na vlastnej ko\u017ei.<\/p>\n<p><strong>Presn\u00fd rozpis jednotliv\u00fdch podujat\u00ed na cel\u00e9 leto<\/strong>\u00a0n\u00e1jdete\u00a0<a class=\"link-icon link-icon--external\" href=\"https:\/\/www.vlkolinec.sk\/vlkolinec-v-lete-2025\/\" target=\"_blank\" rel=\"noopener\">TU<\/a>.<\/p>\n<p><strong>Viac inform\u00e1ci\u00ed:<\/strong>\u00a00905 842 696, e-mail: weidlichova@kdah.sk<\/p>\n<p><img loading=\"lazy\" decoding=\"async\" class=\"alignnone size-large wp-image-392807\" src=\"https:\/\/www.vlkolinec.sk\/wp-content\/uploads\/2025\/06\/Vlkolinec-v-lete-2025-vikend-1-724x1024.jpg\" alt=\"\" width=\"724\" height=\"1024\" \/><\/p>\n","protected":false},"excerpt":{"rendered":"<p>Kult\u00farny dom A. Hlinku v\u00e1s poz\u00fdva na prezent\u00e1ciu \u013eudov\u00fdch remesiel. D\u00e1tum konania: 5.7. &#8211; 6.7.2025 Miesto konania:\u00a0\u0160kolsk\u00fd dvor vo Vlkol\u00ednci (za Gal\u00e9riou) \u010cas konania:\u00a010:00 \u2013 16:45 hod. Pr\u00ed\u010fte si vysk\u00fa\u0161a\u0165&hellip;<\/p>\n","protected":false},"author":18,"featured_media":392848,"comment_status":"closed","ping_status":"closed","sticky":false,"template":"","format":"standard","meta":{"_monsterinsights_skip_tracking":false,"_monsterinsights_sitenote_active":false,"_monsterinsights_sitenote_note":"","_monsterinsights_sitenote_category":0,"footnotes":""},"categories":[1],"tags":[],"class_list":["post-392805","post","type-post","status-publish","format-standard","has-post-thumbnail","hentry","category-uncategorized-sk"],"acf":[],"post_mailing_queue_ids":[],"_links":{"self":[{"href":"https:\/\/www.vlkolinec.sk\/de\/wp-json\/wp\/v2\/posts\/392805"}],"collection":[{"href":"https:\/\/www.vlkolinec.sk\/de\/wp-json\/wp\/v2\/posts"}],"about":[{"href":"https:\/\/www.vlkolinec.sk\/de\/wp-json\/wp\/v2\/types\/post"}],"author":[{"embeddable":true,"href":"https:\/\/www.vlkolinec.sk\/de\/wp-json\/wp\/v2\/users\/18"}],"replies":[{"embeddable":true,"href":"https:\/\/www.vlkolinec.sk\/de\/wp-json\/wp\/v2\/comments?post=392805"}],"version-history":[{"count":9,"href":"https:\/\/www.vlkolinec.sk\/de\/wp-json\/wp\/v2\/posts\/392805\/revisions"}],"predecessor-version":[{"id":392846,"href":"https:\/\/www.vlkolinec.sk\/de\/wp-json\/wp\/v2\/posts\/392805\/revisions\/392846"}],"wp:featuredmedia":[{"embeddable":true,"href":"https:\/\/www.vlkolinec.sk\/de\/wp-json\/wp\/v2\/media\/392848"}],"wp:attachment":[{"href":"https:\/\/www.vlkolinec.sk\/de\/wp-json\/wp\/v2\/media?parent=392805"}],"wp:term":[{"taxonomy":"category","embeddable":true,"href":"https:\/\/www.vlkolinec.sk\/de\/wp-json\/wp\/v2\/categories?post=392805"},{"taxonomy":"post_tag","embeddable":true,"href":"https:\/\/www.vlkolinec.sk\/de\/wp-json\/wp\/v2\/tags?post=392805"}],"curies":[{"name":"wp","href":"https:\/\/api.w.org\/{rel}","templated":true}]}}